{"id":9358,"date":"2022-12-02T10:10:15","date_gmt":"2022-12-02T13:10:15","guid":{"rendered":"https:\/\/ejornais.com.br\/?p=9358"},"modified":"2022-12-02T10:10:15","modified_gmt":"2022-12-02T13:10:15","slug":"vasco-ja-tem-novo-treinador-sim","status":"publish","type":"post","link":"https:\/\/ejornais.com.br\/index.php\/2022\/12\/02\/vasco-ja-tem-novo-treinador-sim\/","title":{"rendered":"VASCO J\u00c1 TEM NOVO TREINADOR? SIM!"},"content":{"rendered":"<p>Ainda sem um treinador definido para a pr\u00f3xima temporada, o Vasco entrou em contato com Maur\u00edcio Barbieri. O treinador, de 41 anos, est\u00e1 sem clube desde que deixou o Bragantino no m\u00eas passado.<\/p>\n<p>Houve uma primeira conversa com o diretor Paulo Bracks, que retornou nesta quinta ao Brasil, ap\u00f3s quase tr\u00eas semanas na Europa. Ainda n\u00e3o h\u00e1 acerto, mas Barbieri \u00e9 um nome cotado e, no momento, tratado como uma possibilidade. O elenco do Vasco se reapresenta na pr\u00f3xima quinta-feira.<\/p>\n<p>   <strong>SIGA-NOS<\/strong>\u00a0      <\/p>\n<p>O \u00faltimo trabalho de Maur\u00edcio Barbieri foi no Bragantino. O treinador ficou por mais de dois anos no clube. Conseguiu levar a equipe paulista \u00e0 Libertadores desse ano. Na temporada passada, foi vice-campe\u00e3o da Copa Sul-Americana. A informa\u00e7\u00e3o de que o t\u00e9cnico \u00e9 um nome cotado no Vasco foi publicada primeiramente pelo jornalista Gilmar Ferreira.<\/p>\n<p>O Vasco est\u00e1 sem treinador desde a sa\u00edda de Jorginho, logo ap\u00f3s o acesso \u00e0 S\u00e9rie A, no in\u00edcio de novembro. O clube chegou a enviar uma proposta para Juan Pablo Vojvoda h\u00e1 algumas semanas, mas o argentino optou por renovar com o Fortaleza.<\/p>\n<\/p>\n<h2>T\u00e9cnico Maur\u00edcio Barbieri, ex-Red Bull Bragantino, \u00e9 o mais cotado para dirigir o Vasco em 2023, diz jornalista<\/h2>\n<p>O paulista Maur\u00edcio Barbieri, de 42 anos, \u00e9 hoje o mais prov\u00e1vel t\u00e9cnico a assumir o Vasco para o primeiro ano de trabalho sob \u00e0 filosofia de gest\u00e3o da 777 Partners, acionista majorit\u00e1ria da SAF do clube. O ex-t\u00e9cnico do Red Bull Bragantino foi bem avaliado pelos gestores que respondem pelo projeto e \u00e9, at\u00e9 agora, quem mais agrada. Mas n\u00e3o \u00e9 uma escolha definida &#8211; ainda. Por\u00e9m, pesa a favor de Barbieri experi\u00eancia profissional em clubes-empresa como Audax-SP, Audax-RJ, Red Bull Brasil, Desportivo Brasil e RB Bragantino. Al\u00e9m dos trabalhos realizados em clubes como Goi\u00e1s e Flamengo. Outros nomes foram avaliados, como o do portugu\u00eas Ant\u00f4nio Oliveira, mas, a julgar por informa\u00e7\u00f5es do mercado, o treinador a ser anunciado nos pr\u00f3ximos dia \u00e9 o Barbieri. Ele j\u00e1 tem 133 jogos na S\u00e9rie A, com m\u00e9dia de 1,47 pontos por jogo &#8211; algo pr\u00f3ximo a 55 pontos em 38 rodadas, \u00edndice de classifica\u00e7\u00e3o entre os oito primeiros. Seu melhor \u00edndice m\u00e9dio foi o 1,85 obtido em 26 jogos (48 pontos) pelo Flamengo em 2018. Nas quatro edi\u00e7\u00f5es da S\u00e9rie A em que esteve em atividade, seus times n\u00e3o fizeram menos do que 44 pontos &#8211; justamente a \u00faltima, pelo RB Bragantino. Vejamos\u2026<\/p>\n<h3>Compartilhe isso:<\/h3>\n<h4> TV MRNews N\u00e3o perca tamb\u00e9m:<\/h4>\n<p>\n","protected":false},"excerpt":{"rendered":"<p>Ainda sem um treinador definido para a pr\u00f3xima temporada, o Vasco entrou em contato com Maur\u00edcio Barbieri. O treinador, de<\/p>\n","protected":false},"author":2,"featured_media":0,"comment_status":"closed","ping_status":"closed","sticky":false,"template":"","format":"standard","meta":{"colormag_page_container_layout":"default_layout","colormag_page_sidebar_layout":"default_layout","footnotes":""},"categories":[4],"tags":[],"class_list":["post-9358","post","type-post","status-publish","format-standard","hentry","category-esportes"],"aioseo_notices":[],"amp_enabled":true,"_links":{"self":[{"href":"https:\/\/ejornais.com.br\/index.php\/wp-json\/wp\/v2\/posts\/9358","targetHints":{"allow":["GET"]}}],"collection":[{"href":"https:\/\/ejornais.com.br\/index.php\/wp-json\/wp\/v2\/posts"}],"about":[{"href":"https:\/\/ejornais.com.br\/index.php\/wp-json\/wp\/v2\/types\/post"}],"author":[{"embeddable":true,"href":"https:\/\/ejornais.com.br\/index.php\/wp-json\/wp\/v2\/users\/2"}],"replies":[{"embeddable":true,"href":"https:\/\/ejornais.com.br\/index.php\/wp-json\/wp\/v2\/comments?post=9358"}],"version-history":[{"count":1,"href":"https:\/\/ejornais.com.br\/index.php\/wp-json\/wp\/v2\/posts\/9358\/revisions"}],"predecessor-version":[{"id":9359,"href":"https:\/\/ejornais.com.br\/index.php\/wp-json\/wp\/v2\/posts\/9358\/revisions\/9359"}],"wp:attachment":[{"href":"https:\/\/ejornais.com.br\/index.php\/wp-json\/wp\/v2\/media?parent=9358"}],"wp:term":[{"taxonomy":"category","embeddable":true,"href":"https:\/\/ejornais.com.br\/index.php\/wp-json\/wp\/v2\/categories?post=9358"},{"taxonomy":"post_tag","embeddable":true,"href":"https:\/\/ejornais.com.br\/index.php\/wp-json\/wp\/v2\/tags?post=9358"}],"curies":[{"name":"wp","href":"https:\/\/api.w.org\/{rel}","templated":true}]}}