{"id":9737,"date":"2022-12-19T00:09:45","date_gmt":"2022-12-19T03:09:45","guid":{"rendered":"https:\/\/ejornais.com.br\/?p=9737"},"modified":"2022-12-19T00:09:45","modified_gmt":"2022-12-19T03:09:45","slug":"madureira-ganha-bandeira-as-vesperas-de-completar-410-anos-prefeitura-da-cidade-do-rio-de-janeiro-prefeitura-rio","status":"publish","type":"post","link":"https:\/\/ejornais.com.br\/index.php\/2022\/12\/19\/madureira-ganha-bandeira-as-vesperas-de-completar-410-anos-prefeitura-da-cidade-do-rio-de-janeiro-prefeitura-rio\/","title":{"rendered":"Madureira ganha bandeira \u00e0s v\u00e9speras de completar 410 anos &#8211; Prefeitura da Cidade do Rio de Janeiro &#8211; prefeitura.rio"},"content":{"rendered":"<p>                                                     A bandeira de Madureira &#8211; Gui Espindola \/ Prefeitura do Rio                                     <\/p>\n<p>Madureira, na Zona Norte do Rio, ganhou uma bandeira pr\u00f3pria neste domingo (18\/12). A iniciativa marca o come\u00e7o das comemora\u00e7\u00f5es pelos 410 anos do bairro, em 2023. O estandarte foi instalado num mastro dentro da Arena Carioca Fernando Torres, no Parque Madureira Mestre Monarco (port\u00e3o 4).<\/p>\n<p>A bandeira,\u00a0 idealizada pelo jornalista e escritor Marcelo Moutinho junto com a designer Nathalie Nery, \u00e9 uma iniciativa do secret\u00e1rio municipal de Cultura, Marcus Faustini. Moutinho, vencedor do pr\u00eamio Jabuti pelo livro &#8220;A Lua na Caixa d&#8217;\u00c1gua&#8221;, \u00e9 nascido em Madureira e foi convidado para a homenagem.<\/p>\n<p>A instala\u00e7\u00e3o da bandeira marca ainda o encerramento do primeiro ano do programa Zonas de Cultura, da Secretaria Municipal de Cultura, que envolveu 350 mil pessoas numa s\u00e9rie de atividades realizadas neste ano, gerando mil postos de trabalho.<\/p>\n<p>&nbsp;<\/p>\n<p>&#8211; Bandeira \u00e9 importante n\u00e3o s\u00f3 para quem torce no futebol, mas para a cultura tamb\u00e9m. A ideia \u00e9 criar bandeiras para os bairros &#8211; disse Faustini, acrescentando: &#8211; Desde que come\u00e7ou o Zona de Cultura Madeira, um dos bra\u00e7os \u00e9 fazer intera\u00e7\u00e3o art\u00edstica e a nossa ideia \u00e9 que esta \u00e1rea se transforme num jardim para que as pessoas fa\u00e7am piquenique ou ent\u00e3o aproveitem bons momentos ao ar livre. Vem a\u00ed o AmaRio, programa para melhorar os equipamentos culturais da cidade. Mais do que oferecer espet\u00e1culos, estes espa\u00e7os servir\u00e3o para outras atividades.<\/p>\n<p>&nbsp;<\/p>\n<p>Aprovado no Plano Estrat\u00e9gico at\u00e9 2024, o Zonas de Cultura injeta recursos em um determinado trecho do bairro para a\u00e7\u00f5es culturais e a cria\u00e7\u00e3o de calend\u00e1rios, al\u00e9m de fomentar cursos de capacita\u00e7\u00e3o. Primeiro territ\u00f3rio contemplado, Madureira recebeu, este ano, R$ 1,5 milh\u00e3o, que financiou a realiza\u00e7\u00e3o de tr\u00eas festivais, o circuito Madureira de Portas Abertas e dez propostas de interc\u00e2mbio cultural.<\/p>\n<p>&nbsp;<\/p>\n<p>&#8211; Apoiamos a produ\u00e7\u00e3o local e fazemos conex\u00f5es. Trouxemos o Berthassaura, a Luzia e a Carolina Maria de Jesus para Madureira. Um esfor\u00e7o para recriar outras centralidades culturais e desenvolver regi\u00f5es &#8211; ressalta Faustini.<\/p>\n<p>&nbsp;<\/p>\n<p>Moutinho, que escreve principalmente sobre literatura, m\u00fasica brasileira e cinema, falou sobre a a\u00e7\u00e3o:<\/p>\n<p>&nbsp;<\/p>\n<p>&#8211; Essa jun\u00e7\u00e3o de cores \u00e9 uma profus\u00e3o de bandeiras. As escolas de samba t\u00eam bandeira. Madureira \u00e9 meu centro, de onde vejo o mundo, minha Macondo (uma cidade fict\u00edcia descrita no romance \u201cCem Anos de Solid\u00e3o\u201d, de Gabriel Garc\u00eda M\u00e1rquez). Lugar m\u00edtico, autoestima suburbana de falar que Madureira \u00e9 meu centro.<\/p>\n<h4>Compartilhe<\/h4>\n<p>Categoria: <\/p>\n<li>18 de dezembro de 2022<\/li>\n<p> \t\t\t\t\t \t\t\t\t\t \t\t\t    \t\t\t\t \t\t\t\t\tMarca\u00e7\u00f5es: Arena Carioca Fernando Torres Cultura madureira Parque Madureira Mestre Monarco Prefeitura do Rio prefeitura do Rio de janeiro Zona Norte Zonas de Cultura\t\t\t\t \t\t\t              \t\t\t \t\t\t\t \t\t\t\t\t\t \t\t\t\t\t\t\t<\/p>\n<h3><\/h3>\n<h3>Not\u00edcias<\/h3>\n<h4>Esta\u00e7\u00e3o Vila Kosmos \u00e9 reaberta ap\u00f3s passar por reformas<\/h4>\n<p>  \t\t\t\t\t  17 de dezembro de 2022                  \t\t\t                 \t\t\t\t\t  <\/p>\n<h4>Procon Carioca exige novos esclarecimentos da Light ap\u00f3s decis\u00e3o que determinou redu\u00e7\u00e3o nas tarifas<\/h4>\n<p>  \t\t\t\t\t  17 de dezembro de 2022                  \t\t\t                 \t\t\t\t\t  <\/p>\n<h4>Secretarias de Trabalho e Renda e Governo e Integridade P\u00fablica assinam acordo para aumentar empregabilidade a pessoas LGBTIA+<\/h4>\n<p>  \t\t\t\t\t  16 de dezembro de 2022                  \t\t\t                 \t\t\t\t\t  <\/p>\n<h4>Crian\u00e7as, adolescentes e idosos acolhidos pela Assist\u00eancia Social ganham festa de Natal<\/h4>\n<p>  \t\t\t\t\t  16 de dezembro de 2022                  \t\t\t                 \t\t\t\t\t  <\/p>\n<h4>Procon Carioca pesquisa pre\u00e7os de produtos t\u00edpicos do Natal, e varia\u00e7\u00e3o chega a 76,56%<\/h4>\n<p>  \t\t\t\t\t  16 de dezembro de 2022                  \t\t\t<\/ul>\n<p>         \t                                             &lt; Voltar              <\/p>\n","protected":false},"excerpt":{"rendered":"<p>A bandeira de Madureira &#8211; Gui Espindola \/ Prefeitura do Rio Madureira, na Zona Norte do Rio, ganhou uma bandeira<\/p>\n","protected":false},"author":1,"featured_media":0,"comment_status":"closed","ping_status":"closed","sticky":false,"template":"","format":"standard","meta":{"colormag_page_container_layout":"default_layout","colormag_page_sidebar_layout":"default_layout","footnotes":""},"categories":[46],"tags":[],"class_list":["post-9737","post","type-post","status-publish","format-standard","hentry","category-noticias"],"aioseo_notices":[],"amp_enabled":true,"_links":{"self":[{"href":"https:\/\/ejornais.com.br\/index.php\/wp-json\/wp\/v2\/posts\/9737","targetHints":{"allow":["GET"]}}],"collection":[{"href":"https:\/\/ejornais.com.br\/index.php\/wp-json\/wp\/v2\/posts"}],"about":[{"href":"https:\/\/ejornais.com.br\/index.php\/wp-json\/wp\/v2\/types\/post"}],"author":[{"embeddable":true,"href":"https:\/\/ejornais.com.br\/index.php\/wp-json\/wp\/v2\/users\/1"}],"replies":[{"embeddable":true,"href":"https:\/\/ejornais.com.br\/index.php\/wp-json\/wp\/v2\/comments?post=9737"}],"version-history":[{"count":1,"href":"https:\/\/ejornais.com.br\/index.php\/wp-json\/wp\/v2\/posts\/9737\/revisions"}],"predecessor-version":[{"id":9738,"href":"https:\/\/ejornais.com.br\/index.php\/wp-json\/wp\/v2\/posts\/9737\/revisions\/9738"}],"wp:attachment":[{"href":"https:\/\/ejornais.com.br\/index.php\/wp-json\/wp\/v2\/media?parent=9737"}],"wp:term":[{"taxonomy":"category","embeddable":true,"href":"https:\/\/ejornais.com.br\/index.php\/wp-json\/wp\/v2\/categories?post=9737"},{"taxonomy":"post_tag","embeddable":true,"href":"https:\/\/ejornais.com.br\/index.php\/wp-json\/wp\/v2\/tags?post=9737"}],"curies":[{"name":"wp","href":"https:\/\/api.w.org\/{rel}","templated":true}]}}